{"id":1053,"date":"2004-04-11T09:28:26","date_gmt":"2004-04-11T13:28:26","guid":{"rendered":""},"modified":"1969-12-31T19:00:00","modified_gmt":"1970-01-01T00:00:00","slug":"","status":"publish","type":"post","link":"https:\/\/www.pageliberale.org\/?p=1053","title":{"rendered":"la \u00ab\u00a0politique\u00a0\u00bb naturelle"},"content":{"rendered":"<p>Pendant qu\u00c2\u2019en Irak le gouvernement am\u00c3\u00a9ricain tente de r\u00c3\u00a9aliser par la force la \u00c2\u00abfin de l\u00c2\u2019Histoire\u00c2\u00bb proph\u00c3\u00a9tis\u00c3\u00a9e par le n\u00c3\u00a9oconservateur h\u00c3\u00a9g\u00c3\u00a9lien Fukuyama, la France a v\u00c3\u00a9cu un de ces non-\u00c3\u00a9v\u00c3\u00a9nements qui d\u00c3\u00a9crivent si bien la routine d\u00c3\u00a9mocratique d\u00c2\u2019une \u00c2\u00abHistoire\u00c2\u00bb accomplie, si, par l\u00c3\u00a0, on entend dire que la \u00c2\u00ab d\u00c3\u00a9mocratie \u00c2\u00bb est le point de rationalit\u00c3\u00a9 totale de l\u00c2\u2019Histoire politique comme le pensent \u00c3\u00a0 peu pr\u00c3\u00a8s tous les intellectuels m\u00c3\u00a9diatis\u00c3\u00a9s, \u00c3\u00a0 commencer, en France, par le plus lucide d\u00c2\u2019entre eux, Jean-Fran\u00c3\u00a7ois Revel. <b>Un non-\u00c3\u00a9v\u00c3\u00a9nement de la d\u00c3\u00a9mocratie<\/b><\/p>\n<p>Les \u00c3\u00a9lections r\u00c3\u00a9gionales ont \u00c3\u00a9t\u00c3\u00a9 un revers cinglant pour le gouvernement Raffarin. Une seule r\u00c3\u00a9gion m\u00c3\u00a9tropolitaine est rest\u00c3\u00a9e fid\u00c3\u00a8le \u00c3\u00a0 sa tradition politique de centre droit, l\u00c2\u2019Alsace. Toutes les autres r\u00c3\u00a9gions ont politiquement bascul\u00c3\u00a9 \u00c3\u00a0 gauche. Le pr\u00c3\u00a9sentateur t\u00c3\u00a9l\u00c3\u00a9 nous montre une carte avec deux couleurs, bleue pour la \u00c2\u00abdroite\u00c2\u00bb et rose pour la \u00c2\u00abgauche\u00c2\u00bb. Le contraste des couleurs est saisissant: vague rose! <\/p>\n<p>Mais le contraste entre les couleurs ne refl\u00c3\u00a8te pas du tout celui des id\u00c3\u00a9es et des pratiques politiques. Si \u00c3\u00a7a devait \u00c3\u00aatre le cas on aurait une carte avec du rose vif et du rose p\u00c3\u00a2le. C\u00c2\u2019est \u00c3\u00a7a la fin de l\u00c2\u2019Histoire\u00c2\u2026d\u00c3\u00a9mocratique. Une sorte de convergence pratique vers la social-d\u00c3\u00a9mocratie r\u00c3\u00a9gul\u00c3\u00a9e par les m\u00c3\u00a9canismes suivants: <\/p>\n<p>&#8211;\tViolation des droits de propri\u00c3\u00a9t\u00c3\u00a9 d\u00c2\u2019un groupe minoritaire pour acheter les voix d\u00c2\u2019un autre.<br \/>\n&#8211;\tMarchandage permanent des groupes de pression avec le gouvernement. Au final les individus de chaque groupe acceptent d\u00c2\u2019\u00c3\u00aatre ran\u00c3\u00a7onn\u00c3\u00a9s par les autres \u00c3\u00a0 condition que les autres groupes le soient aussi.<\/p>\n<p>Tout cela a \u00c3\u00a9t\u00c3\u00a9 fort bien expliqu\u00c3\u00a9 par <b>Anthony de Jasay<\/b>, dans <i>L\u00c2\u2019Etat<\/i>, Les Belles Lettres, collection \u00c2\u00ablaissez-faire\u00c2\u00bb.<\/p>\n<p><b>Le pouvoir pour quoi faire?<\/b><\/p>\n<p>Que veulent les socialistes qui ont gagn\u00c3\u00a9 les \u00c3\u00a9lections?  Rien, si ce n\u00c2\u2019est le pouvoir. Pour s\u00c2\u2019en convaincre il suffit d\u00c2\u2019\u00c3\u00a9couter en coulisses les chefs du parti (voir la <a href=\"http:\/\/www.pageliberale.org\/breve.php?aid=396\">PL<\/a>). <\/p>\n<p>Pour quoi faire: r\u00c3\u00a9pondre \u00c3\u00a0 la demande bien entendu, car la d\u00c3\u00a9mocratie fonctionne comme un march\u00c3\u00a9. La loi de l\u00c2\u2019offre et la demande r\u00c3\u00a9git le march\u00c3\u00a9 politique, comme l\u00c2\u2019a bien d\u00c3\u00a9crit Schumpeter dans <a href=\"http:\/\/www.amazon.fr\/exec\/obidos\/ASIN\/2228883174\/qid=1081580989\/sr=2-2\/ref=sr_2_3_2\/171-2025558-3644248 \"><i>Capitalisme, socialisme et d\u00c3\u00a9mocratie <\/i><\/a> . Sauf que ce march\u00c3\u00a9 est lui aussi r\u00c3\u00a9glement\u00c3\u00a9. Ce n\u00c2\u2019est pas un march\u00c3\u00a9 libre, ce qui devrait \u00c3\u00aatre le cas dans une d\u00c3\u00a9mocratie authentique. Ainsi, les partis politiques majoritaires, se refilant le pouvoir p\u00c3\u00a9riodiquement, s\u00c2\u2019arrangent pour emp\u00c3\u00aacher la concurrence. La difficult\u00c3\u00a9 de pr\u00c3\u00a9senter des candidats aux \u00c3\u00a9lections en raison des co\u00c3\u00bbts et des contraintes administratives est tr\u00c3\u00a8s dissuasive. Sans parler des man\u00c2\u0153uvres r\u00c3\u00a9glementaires destin\u00c3\u00a9es \u00c3\u00a0 \u00c3\u00a9liminer des partis minoritaires des assembl\u00c3\u00a9es et dont le Front national est chroniquement victime. <\/p>\n<p>Ainsi, non seulement la d\u00c3\u00a9mocratie r\u00c3\u00a9elle converge-t-elle vers une d\u00c3\u00a9mocratie sociale de marchandage o\u00c3\u00b9 un pouvoir alterne avec son clone, mais, en m\u00c3\u00aame temps, la loi \u00c2\u00abd\u00c3\u00a9mocratique\u00c2\u00bb n\u00c2\u2019est m\u00c3\u00aame plus respectable. <\/p>\n<p>En effet, il y a des \u00c2\u00ablois\u00c2\u00bb justes et des \u00c2\u00ablois\u00c2\u00bb injustes, fussent-elles vot\u00c3\u00a9es \u00c3\u00a0 la majorit\u00c3\u00a9 absolue d\u00c2\u2019une Assembl\u00c3\u00a9e nationale, elle-m\u00c3\u00aame compos\u00c3\u00a9e de politiciens \u00c3\u00a9lus \u00c3\u00a0 la majorit\u00c3\u00a9 relative (minorit\u00c3\u00a9 r\u00c3\u00a9elle) des \u00c3\u00a9lecteurs. Il y a un consensus au sujet de ces r\u00c3\u00a8gles de d\u00c3\u00a9cision car une grande majorit\u00c3\u00a9 de la population d\u00c3\u00a9sire une soci\u00c3\u00a9t\u00c3\u00a9 pacifi\u00c3\u00a9e. Mais ce qu\u00c2\u2019on observe n\u00c3\u00a9anmoins est une certaine lassitude. Lassitude exprim\u00c3\u00a9e par l\u00c2\u2019abstentionnisme qui d\u00c3\u00a9montre que l\u00c2\u2019Histoire politique n\u00c2\u2019est peut-\u00c3\u00aatre pas finie. <\/p>\n<p>Cette lassitude traduit la prise de conscience par les gens que la d\u00c3\u00a9mocratie r\u00c3\u00a9elle, en produisant un monopole politique de fait et r\u00c3\u00a9glementaire, convergeant id\u00c3\u00a9ologiquement et m\u00c3\u00a9thodologiquement, cr\u00c3\u00a9e une division sociale entre la classe politique et le reste de la soci\u00c3\u00a9t\u00c3\u00a9 (Hans-Hermann Hoppe, <a href=\"http:\/\/www.hanshoppe.com\/publications\/Classe.pdf \"><i>L\u00c2\u2019analyse de classe marxiste et celle des Autrichiens<\/i><\/a> )<\/p>\n<p>Alors, le pouvoir, pour quoi faire?  Manifestement pour se maintenir en place et rien d\u00c2\u2019autre. Le reste est subalterne. Telle est la loi de la d\u00c3\u00a9mocratie r\u00c3\u00a9elle.<\/p>\n<p><b>La politique naturelle<\/b><\/p>\n<p>On peut h\u00c3\u00a9siter devant l\u00c2\u2019adjectif \u00c2\u00abnaturelle\u00c2\u00bb. Il faut simplement entendre par l\u00c3\u00a0, comme Hayek (<i>Droit, L\u00c3\u00a9gislation et libert\u00c3\u00a9<\/i>, tome 1, PUF Quadrige), un ph\u00c3\u00a9nom\u00c3\u00a8ne \u00c2\u00abspontan\u00c3\u00a9\u00c2\u00bb c\u00c2\u2019est-\u00c3\u00a0-dire non d\u00c3\u00a9lib\u00c3\u00a9r\u00c3\u00a9, non conventionnel, non planifi\u00c3\u00a9. <\/p>\n<p>La \u00c2\u00ab politique naturelle \u00c2\u00bb s\u00c2\u2019oppose \u00c3\u00a0 la politique des soviets, celles des \u00c3\u00a9lus soi-disant repr\u00c3\u00a9sentatifs. La politique naturelle est fond\u00c3\u00a9e sur l\u00c2\u2019\u00c3\u00a9vidence des droits de chacun, les droits de propri\u00c3\u00a9t\u00c3\u00a9. Ceux que chacun d\u00c3\u00a9fend et reconna\u00c3\u00aet d\u00c3\u00a8s qu\u00c2\u2019il agit sans pr\u00c3\u00a9jug\u00c3\u00a9 id\u00c3\u00a9ologique. Ceux que chacun revendique d\u00c3\u00a8s que ses biens et son int\u00c3\u00a9r\u00c3\u00aat sont mis en jeu.<\/p>\n<p>Pour exemple je citerais volontiers l\u00c2\u2019enjeu \u00c3\u00a9lectoral du canton de Strasbourg-Neudorf o\u00c3\u00b9 j\u00c2\u2019ai soutenu, par sympathie, la candidate UMP, surtout par r\u00c3\u00a9pulsion \u00c3\u00a0 l\u00c2\u2019\u00c3\u00a9gard du candidat socialiste. La politique municipale de transport public, en parfaite coh\u00c3\u00a9rence avec celle de la municipalit\u00c3\u00a9 de gauche pr\u00c3\u00a9c\u00c3\u00a9dente, consiste \u00c3\u00a0 \u00c3\u00a9tendre le r\u00c3\u00a9seau du tramway pour desservir les quartiers p\u00c3\u00a9riph\u00c3\u00a9riques et d\u00c3\u00a9sengorger le centre-ville du trafic automobile individuel. Mais ce faisant, il faut bouleverser la structure des quartiers dont certaines niches ont \u00c3\u00a9t\u00c3\u00a9 pr\u00c3\u00a9serv\u00c3\u00a9es de la circulation routi\u00c3\u00a8re, ouvrir certaines impasses etc., faire une saign\u00c3\u00a9e dans un parc dont l\u00c2\u2019int\u00c3\u00a9grit\u00c3\u00a9 est ch\u00c3\u00a8re aux habitants du coin.<\/p>\n<p>La candidate UMP a perdu son mandat \u00c3\u00a0 cause de ce projet. Alors je me pose la question. Etant donn\u00c3\u00a9 que ce projet rel\u00c3\u00a8ve des comp\u00c3\u00a9tences de la municipalit\u00c3\u00a9, dont le mandat d\u00c3\u00a9pend de tous les \u00c3\u00a9lecteurs de l\u00c2\u2019agglom\u00c3\u00a9ration et non pas du conseil g\u00c3\u00a9n\u00c3\u00a9ral (d\u00c3\u00a9partemental),  \u00c3\u00a9tant donn\u00c3\u00a9 que la d\u00c3\u00a9faite de la candidate UMP ne changera rien \u00c3\u00a0 la mise en \u00c2\u0153uvre du projet, comment interpr\u00c3\u00a9ter les r\u00c3\u00a9sultats de cette \u00c3\u00a9lection?  <\/p>\n<p>Les ex\u00c3\u00a9g\u00c3\u00a8tes \u00c2\u00abd\u00c3\u00a9mocrates\u00c2\u00bb nous disent qu\u00c2\u2019il s\u00c2\u2019agit d\u00c2\u2019un vote protestataire. Soit. Mais protestataire pourquoi?  Tout simplement parce qu\u00c2\u2019il est naturellement inadmissible que les gens non concern\u00c3\u00a9s directement par les changements aient le droit d\u00c2\u2019imposer leur d\u00c3\u00a9cision. Pourquoi les \u00c3\u00a9lecteurs de Tartempion-les-asperges auraient un droit d\u00c2\u2019influence sur le devenir d\u00c2\u2019un petit quartier de Strasbourg-Neudorf?  La d\u00c3\u00a9mocratie, telle que nous la connaissons pourtant, le permet. C\u00c2\u2019est que cette pseudo-d\u00c3\u00a9mocratie a encore des aspects collectivistes qui violent le droit naturel des individus. <\/p>\n<p>Alors, en r\u00c3\u00a9fl\u00c3\u00a9chissant, on peut se dire que si les \u00c3\u00a9lecteurs allaient au bout de la logique de leurs raisons ils devraient choisir entre la <i>d\u00c3\u00a9mocratie collectiviste <\/i>telle que nous la connaissons, telle que nous la subissons actuellement, et la privatisation des espaces publics, la propri\u00c3\u00a9t\u00c3\u00a9 priv\u00c3\u00a9e, c\u00c2\u2019est-\u00c3\u00a0-dire la <i>politique naturelle<\/i> qui est implicite dans les comportements quotidiens des gens et qui transpara\u00c3\u00aet dans leur attitude \u00c3\u00a9lectorale.<\/p>\n<p>Cette <i>politique naturelle <\/i>n\u00c2\u2019est rien d\u00c2\u2019autre que libertarienne: souverainet\u00c3\u00a9 des droits de propri\u00c3\u00a9t\u00c3\u00a9, r\u00c3\u00a8gne du libre \u00c3\u00a9change et du contrat.<\/p>\n","protected":false},"excerpt":{"rendered":"<p>commentaires d&rsquo;un libertarien sur les \u00c3\u00a9lections<\/p>\n","protected":false},"author":2,"featured_media":0,"comment_status":"open","ping_status":"open","sticky":false,"template":"","format":"standard","meta":{"footnotes":""},"categories":[],"tags":[],"class_list":["post-1053","post","type-post","status-publish","format-standard","hentry"],"_links":{"self":[{"href":"https:\/\/www.pageliberale.org\/index.php?rest_route=\/wp\/v2\/posts\/1053","targetHints":{"allow":["GET"]}}],"collection":[{"href":"https:\/\/www.pageliberale.org\/index.php?rest_route=\/wp\/v2\/posts"}],"about":[{"href":"https:\/\/www.pageliberale.org\/index.php?rest_route=\/wp\/v2\/types\/post"}],"author":[{"embeddable":true,"href":"https:\/\/www.pageliberale.org\/index.php?rest_route=\/wp\/v2\/users\/2"}],"replies":[{"embeddable":true,"href":"https:\/\/www.pageliberale.org\/index.php?rest_route=%2Fwp%2Fv2%2Fcomments&post=1053"}],"version-history":[{"count":0,"href":"https:\/\/www.pageliberale.org\/index.php?rest_route=\/wp\/v2\/posts\/1053\/revisions"}],"wp:attachment":[{"href":"https:\/\/www.pageliberale.org\/index.php?rest_route=%2Fwp%2Fv2%2Fmedia&parent=1053"}],"wp:term":[{"taxonomy":"category","embeddable":true,"href":"https:\/\/www.pageliberale.org\/index.php?rest_route=%2Fwp%2Fv2%2Fcategories&post=1053"},{"taxonomy":"post_tag","embeddable":true,"href":"https:\/\/www.pageliberale.org\/index.php?rest_route=%2Fwp%2Fv2%2Ftags&post=1053"}],"curies":[{"name":"wp","href":"https:\/\/api.w.org\/{rel}","templated":true}]}}