{"id":1143,"date":"2004-06-20T22:44:04","date_gmt":"2004-06-21T02:44:04","guid":{"rendered":""},"modified":"2005-01-26T16:28:49","modified_gmt":"2005-01-26T21:28:49","slug":"","status":"publish","type":"post","link":"https:\/\/www.pageliberale.org\/?p=1143","title":{"rendered":"Conna\u00c3\u00aetre nos adversaires : Nicolas Dupont-Aignan"},"content":{"rendered":"<p>Dans la s\u00c3\u00a9rie \u00ab\u00a0Conna\u00c3\u00aetre nos adversaires\u00a0\u00bb\u00c2 : Nicolas Dupont-Aignan Pseudo-rebelle au sein de l&rsquo;UMP, leader de la tendance \u00ab\u00a0gaulliste-r\u00c3\u00a9publicaine\u00a0\u00bb\u00c2 (1), une tendance encore plus \u00c3\u00a9tatiste que celle qui domine (si, si c&rsquo;est possible\u00c2 !) \u00c2\u2013\u00c2 voir <a href=\"http:\/\/www.deboutlarepublique.com\/\">son site<\/a>\u00c2 \u00c2\u2013, Nicolas Dupont-Aignan s&rsquo;oppose avec d\u00c3\u00a9termination aux (\u00c3\u00a9ventuelles et tr\u00c3\u00a8s incertaines) privatisations des entreprises publiques et est en revanche favorable \u00c3  un \u00ab\u00a0<i>retour \u00c3  cette grande id\u00c3\u00a9e gaulliste qu&rsquo;est la participation<\/i>\u00ab\u00a0&#8230; Il est tr\u00c3\u00a8s en pointe sur le protectionnisme et la d\u00c3\u00a9fense du secteur industriel \u00c3\u00a9tatique et repr\u00c3\u00a9sente bien les int\u00c3\u00a9r\u00c3\u00aats des bureaucraties dirigeantes des grandes entreprises fran\u00c3\u00a7aises \u00ab\u00a0publiques\u00a0\u00bb ou \u00ab\u00a0semi-publiques\u00a0\u00bb qui refusent, <i>sur le dos de la grande majorit\u00c3\u00a9 des Fran\u00c3\u00a7ais c.\u00c3 .d. des gens simples et normaux<\/i>, la concurrence mondiale (voir par exemple <a href=\"http:\/\/www.deboutlarepublique.com\/ACTqg160604.htm\">sa question \u00c3  Sarkozy sur l&rsquo;avenir d&rsquo;EDF<\/a>). Nicolas Dupont-Aignan est aussi \u00c3\u00a9videmment un laudateur de \u00ab\u00a0notre grand, beau et pr\u00c3\u00a9cieux syst\u00c3\u00a8me de s\u00c3\u00a9curit\u00c3\u00a9 sociale\u00a0\u00bb et un contempteur de \u00ab\u00a0l&rsquo;imp\u00c3\u00a9rialisme am\u00c3\u00a9ricain\u00a0\u00bb. Il est aussi un contempteur de l&rsquo;Union Europ\u00c3\u00a9enne. A cet \u00c3\u00a9gard je pr\u00c3\u00a9cise que je suis moi-m\u00c3\u00aame, comme un certain nombre de lib\u00c3\u00a9raux coh\u00c3\u00a9rents, globalement (tr\u00c3\u00a8s) hostile \u00c3  l&rsquo;Union Europ\u00c3\u00a9enne, en tout cas \u00c3  ce qu&rsquo;elle est devenue depuis x ann\u00c3\u00a9es (voir par exemple <a href=\"billet.php?niw=1110\">Un Etat, un budget, un imp\u00c3\u00b4t<\/a> et ce <a href=\"commentaire.php?niw=1110#10926\">commentaire de Georges Lane<\/a>). En petite partie pour les m\u00c3\u00aames raisons que Nicolas Dupont-Aignan, en grande partie pour des raisons strictement inverses ! Regardez bien le dessin (sign\u00c3\u00a9 d&rsquo;un certain D. Izambard) qu&rsquo;a mis cet <i>imb\u00c3\u00a9cile<\/i>\u00c2 (2) en couverture de <a href=\"http:\/\/www.amazon.fr\/exec\/obidos\/ASIN\/2841876047\/qid=1085863764\/sr=1-1\/ref=sr_1_2_1\/171-2024405-5727454\">son nouveau livre<\/a>\u00c2 :<br \/>\n<CENTER><img loading=\"lazy\" decoding=\"async\" src=\"wp-images\/20040620-livre-dupontaignan.jpg\" width=\"297\" height=\"475\" alt=\"Couverture livre\"><\/CENTER><br \/>\nIl pourrait tout \u00c3  fait \u00c3\u00aatre publi\u00c3\u00a9 dans <i>Marianne <\/i>ou m\u00c3\u00aame <i>L&rsquo;Humanit\u00c3\u00a9<\/i> ! C&rsquo;est-\u00c3 -dire que pour ce monsieur de l&rsquo;UMP, \u00ab\u00a0l&rsquo;Europe sociale\u00a0\u00bb \u00c2\u2013\u00c2 c.\u00c3 .d. <a href=\"http:\/\/www.europesocialiste.org\/\" target=\"_blank\">socialiste<\/a>\u00c2 \u00c2\u2013 c&rsquo;est bien, tandis que \u00ab\u00a0l&rsquo;Europe financi\u00c3\u00a8re\u00a0\u00bb, les OGM et les d\u00c3\u00a9localisations c&rsquo;est tr\u00c3\u00a8s mal&#8230;<\/p>\n<p>Pour finir, vous ne serez pas surpris d&rsquo;apprendre qu&rsquo;il pense plut\u00c3\u00b4t du bien de Jos\u00c3\u00a9 Bov\u00c3\u00a9&#8230;<\/p>\n<p>Au passage et pour conclure je n&rsquo;ai toujours pas compris pourquoi nos amis de Conscience Politique ont donn\u00c3\u00a9 <a href=\"http:\/\/www.conscience-politique.org\/politique\/interviewdupontaignan.htm \">la parole \u00c3  un personnage aussi nuisible<\/a>\u00c2 (!?!). (1) Ce prudent bien-pensant n&rsquo;a m\u00c3\u00aame pas le courage de revendiquer l&rsquo;\u00c3\u00a9tiquette de \u00ab\u00a0souverainiste\u00a0\u00bb bien qu&rsquo;il soit <a href=\"http:\/\/www.amazon.fr\/exec\/obidos\/ASIN\/2226142177\/qid%3D1086020413\/sr%3D1-2\/ref%3Dsr%5F1%5F2%5F2\/402-5477480-9700917\">un grand copain du ma\u00c3\u00aetre du \u00ab\u00a0souverainisme\u00a0\u00bb<\/a>, la dangereuse canaille \u00c2\u2013\u00c2 dangereuse car intelligente\u00c2 !\u00c2 \u00c2\u2013, notre ennemi <a href=\"http:\/\/www.pmcouteaux.org\/\">Paul-Marie Co\u00c3\u00bbteaux<\/a> (voir aussi <a href=\"http:\/\/www.lmae.net\/index.php?itemid=67\">lmae.net<\/a>&#8230;)<\/p>\n<p>(2) Bon c&rsquo;est vrai qu&rsquo;il y a en France une flop\u00c3\u00a9e de personnages pires que lui, alors disons \u00ab\u00a0semi-imb\u00c3\u00a9cile\u00a0\u00bb&#8230;<\/p>\n","protected":false},"excerpt":{"rendered":"<p>Dans la s\u00c3\u00a9rie \u00ab\u00a0Conna\u00c3\u00aetre nos adversaires\u00a0\u00bb\u00c2 : Nicolas Dupont-Aignan Pseudo-rebelle au sein de l&rsquo;UMP, leader de la tendance \u00ab\u00a0gaulliste-r\u00c3\u00a9publicaine\u00a0\u00bb\u00c2 (1),&#8230; <a href=\"https:\/\/www.pageliberale.org\/?p=1143\">Continue reading &raquo;<\/a><\/p>\n","protected":false},"author":10,"featured_media":0,"comment_status":"open","ping_status":"open","sticky":false,"template":"","format":"standard","meta":{"footnotes":""},"categories":[],"tags":[],"class_list":["post-1143","post","type-post","status-publish","format-standard","hentry"],"_links":{"self":[{"href":"https:\/\/www.pageliberale.org\/index.php?rest_route=\/wp\/v2\/posts\/1143","targetHints":{"allow":["GET"]}}],"collection":[{"href":"https:\/\/www.pageliberale.org\/index.php?rest_route=\/wp\/v2\/posts"}],"about":[{"href":"https:\/\/www.pageliberale.org\/index.php?rest_route=\/wp\/v2\/types\/post"}],"author":[{"embeddable":true,"href":"https:\/\/www.pageliberale.org\/index.php?rest_route=\/wp\/v2\/users\/10"}],"replies":[{"embeddable":true,"href":"https:\/\/www.pageliberale.org\/index.php?rest_route=%2Fwp%2Fv2%2Fcomments&post=1143"}],"version-history":[{"count":0,"href":"https:\/\/www.pageliberale.org\/index.php?rest_route=\/wp\/v2\/posts\/1143\/revisions"}],"wp:attachment":[{"href":"https:\/\/www.pageliberale.org\/index.php?rest_route=%2Fwp%2Fv2%2Fmedia&parent=1143"}],"wp:term":[{"taxonomy":"category","embeddable":true,"href":"https:\/\/www.pageliberale.org\/index.php?rest_route=%2Fwp%2Fv2%2Fcategories&post=1143"},{"taxonomy":"post_tag","embeddable":true,"href":"https:\/\/www.pageliberale.org\/index.php?rest_route=%2Fwp%2Fv2%2Ftags&post=1143"}],"curies":[{"name":"wp","href":"https:\/\/api.w.org\/{rel}","templated":true}]}}